{"id":1709,"date":"2026-04-21T16:23:57","date_gmt":"2026-04-21T15:23:57","guid":{"rendered":"https:\/\/arbeitgeber-lsa.de\/?p=1709"},"modified":"2026-04-22T16:28:20","modified_gmt":"2026-04-22T15:28:20","slug":"webinar-beschaeftigt-oder-selbststaendig-neue-vorschlaege-zur-statusfeststellung","status":"publish","type":"post","link":"https:\/\/arbeitgeber-lsa.de\/de\/schwerpunkte\/uncategorized\/webinar-beschaeftigt-oder-selbststaendig-neue-vorschlaege-zur-statusfeststellung\/","title":{"rendered":"Webinar: Besch\u00e4ftigt oder selbstst\u00e4ndig? \u2013 Neue Vorschl\u00e4ge zur Statusfeststellung"},"content":{"rendered":"<p>Die Frage der Abgrenzung von abh\u00e4ngiger Besch\u00e4ftigung und selbstst\u00e4ndiger T\u00e4tigkeit erweist sich in der Praxis oftmals als schwierig. Zudem drohen Betrieben hohe Nachzahlungen zur Sozialversicherung, wenn sich ein Vertragsverh\u00e4ltnis, das als selbstst\u00e4ndige T\u00e4tigkeit behandelt wurde&#8230;<\/p>\n\n\n\n<div class=\"wp-block-buttons is-layout-flex wp-block-buttons-is-layout-flex\">\n<div class=\"wp-block-button\"><a class=\"wp-block-button__link wp-element-button\" href=\"https:\/\/www.iswa-online.de\/webinare\/beschaftigt-oder-selbststandig---neue-vorschlage-zur-statusfeststellung\">Zur Webinar-Anmeldung<\/a><\/div>\n<\/div>","protected":false},"excerpt":{"rendered":"<p>Die Frage der Abgrenzung von abh\u00e4ngiger Besch\u00e4ftigung und selbstst\u00e4ndiger T\u00e4tigkeit erweist sich in der Praxis oftmals als schwierig. Zudem drohen Betrieben hohe Nachzahlungen zur Sozialversicherung, wenn sich ein Vertragsverh\u00e4ltnis, das [&hellip;]<\/p>\n","protected":false},"author":8,"featured_media":1708,"comment_status":"open","ping_status":"open","sticky":false,"template":"","format":"standard","meta":{"_acf_changed":false,"inline_featured_image":false,"_uag_custom_page_level_css":"","_price":"","_stock":"","_tribe_ticket_header":"","_tribe_default_ticket_provider":"","_tribe_ticket_capacity":"0","_ticket_start_date":"","_ticket_end_date":"","_tribe_ticket_show_description":"","_tribe_ticket_show_not_going":false,"_tribe_ticket_use_global_stock":"","_tribe_ticket_global_stock_level":"","_global_stock_mode":"","_global_stock_cap":"","_tribe_rsvp_for_event":"","_tribe_ticket_going_count":"","_tribe_ticket_not_going_count":"","_tribe_tickets_list":"[]","_tribe_ticket_has_attendee_info_fields":false,"footnotes":""},"categories":[10,1],"tags":[],"class_list":["post-1709","post","type-post","status-publish","format-standard","has-post-thumbnail","hentry","category-themen","category-uncategorized"],"acf":[],"yoast_head":"<!-- This site is optimized with the Yoast SEO plugin v27.5 - https:\/\/yoast.com\/product\/yoast-seo-wordpress\/ -->\n<title>Webinar: Besch\u00e4ftigt oder selbstst\u00e4ndig? \u2013 Neue Vorschl\u00e4ge zur Statusfeststellung - Arbeitgeber- und Wirtschaftsverb\u00e4nde Sachsen-Anhalt e. V.<\/title>\n<meta name=\"robots\" content=\"index, follow, max-snippet:-1, max-image-preview:large, max-video-preview:-1\" \/>\n<link rel=\"canonical\" href=\"https:\/\/arbeitgeber-lsa.de\/de\/schwerpunkte\/uncategorized\/webinar-beschaeftigt-oder-selbststaendig-neue-vorschlaege-zur-statusfeststellung\/\" \/>\n<meta property=\"og:locale\" content=\"de_DE\" \/>\n<meta property=\"og:type\" content=\"article\" \/>\n<meta property=\"og:title\" content=\"Webinar: Besch\u00e4ftigt oder selbstst\u00e4ndig? \u2013 Neue Vorschl\u00e4ge zur Statusfeststellung - Arbeitgeber- und Wirtschaftsverb\u00e4nde Sachsen-Anhalt e. V.\" \/>\n<meta property=\"og:description\" content=\"Die Frage der Abgrenzung von abh\u00e4ngiger Besch\u00e4ftigung und selbstst\u00e4ndiger T\u00e4tigkeit erweist sich in der Praxis oftmals als schwierig. Zudem drohen Betrieben hohe Nachzahlungen zur Sozialversicherung, wenn sich ein Vertragsverh\u00e4ltnis, das [&hellip;]\" \/>\n<meta property=\"og:url\" content=\"https:\/\/arbeitgeber-lsa.de\/de\/schwerpunkte\/uncategorized\/webinar-beschaeftigt-oder-selbststaendig-neue-vorschlaege-zur-statusfeststellung\/\" \/>\n<meta property=\"og:site_name\" content=\"Arbeitgeber- und Wirtschaftsverb\u00e4nde Sachsen-Anhalt e. V.\" \/>\n<meta property=\"article:published_time\" content=\"2026-04-21T15:23:57+00:00\" \/>\n<meta property=\"article:modified_time\" content=\"2026-04-22T15:28:20+00:00\" \/>\n<meta property=\"og:image\" content=\"https:\/\/arbeitgeber-lsa.de\/wp-content\/uploads\/2026\/04\/geralt-lecturer-8339698-scaled.jpg\" \/>\n\t<meta property=\"og:image:width\" content=\"2560\" \/>\n\t<meta property=\"og:image:height\" content=\"1446\" \/>\n\t<meta property=\"og:image:type\" content=\"image\/jpeg\" \/>\n<meta name=\"author\" content=\"Jan Pasemann\" \/>\n<meta name=\"twitter:card\" content=\"summary_large_image\" \/>\n<meta name=\"twitter:label1\" content=\"Verfasst von\" \/>\n\t<meta name=\"twitter:data1\" content=\"Jan Pasemann\" \/>\n\t<meta name=\"twitter:label2\" content=\"Gesch\u00e4tzte Lesezeit\" \/>\n\t<meta name=\"twitter:data2\" content=\"1\u00a0Minute\" \/>\n<script type=\"application\/ld+json\" class=\"yoast-schema-graph\">{\"@context\":\"https:\\\/\\\/schema.org\",\"@graph\":[{\"@type\":\"Article\",\"@id\":\"https:\\\/\\\/arbeitgeber-lsa.de\\\/schwerpunkte\\\/uncategorized\\\/webinar-beschaeftigt-oder-selbststaendig-neue-vorschlaege-zur-statusfeststellung\\\/#article\",\"isPartOf\":{\"@id\":\"https:\\\/\\\/arbeitgeber-lsa.de\\\/schwerpunkte\\\/uncategorized\\\/webinar-beschaeftigt-oder-selbststaendig-neue-vorschlaege-zur-statusfeststellung\\\/\"},\"author\":{\"name\":\"Jan Pasemann\",\"@id\":\"https:\\\/\\\/arbeitgeber-lsa.de\\\/#\\\/schema\\\/person\\\/507e5cb35cb93c0186398eb697c1d16c\"},\"headline\":\"Webinar: Besch\u00e4ftigt oder selbstst\u00e4ndig? \u2013 Neue Vorschl\u00e4ge zur Statusfeststellung\",\"datePublished\":\"2026-04-21T15:23:57+00:00\",\"dateModified\":\"2026-04-22T15:28:20+00:00\",\"mainEntityOfPage\":{\"@id\":\"https:\\\/\\\/arbeitgeber-lsa.de\\\/schwerpunkte\\\/uncategorized\\\/webinar-beschaeftigt-oder-selbststaendig-neue-vorschlaege-zur-statusfeststellung\\\/\"},\"wordCount\":55,\"commentCount\":0,\"publisher\":{\"@id\":\"https:\\\/\\\/arbeitgeber-lsa.de\\\/#organization\"},\"image\":{\"@id\":\"https:\\\/\\\/arbeitgeber-lsa.de\\\/schwerpunkte\\\/uncategorized\\\/webinar-beschaeftigt-oder-selbststaendig-neue-vorschlaege-zur-statusfeststellung\\\/#primaryimage\"},\"thumbnailUrl\":\"https:\\\/\\\/arbeitgeber-lsa.de\\\/wp-content\\\/uploads\\\/2026\\\/04\\\/geralt-lecturer-8339698-scaled.jpg\",\"articleSection\":[\"Themen\",\"Uncategorized\"],\"inLanguage\":\"de\",\"potentialAction\":[{\"@type\":\"CommentAction\",\"name\":\"Comment\",\"target\":[\"https:\\\/\\\/arbeitgeber-lsa.de\\\/schwerpunkte\\\/uncategorized\\\/webinar-beschaeftigt-oder-selbststaendig-neue-vorschlaege-zur-statusfeststellung\\\/#respond\"]}]},{\"@type\":\"WebPage\",\"@id\":\"https:\\\/\\\/arbeitgeber-lsa.de\\\/schwerpunkte\\\/uncategorized\\\/webinar-beschaeftigt-oder-selbststaendig-neue-vorschlaege-zur-statusfeststellung\\\/\",\"url\":\"https:\\\/\\\/arbeitgeber-lsa.de\\\/schwerpunkte\\\/uncategorized\\\/webinar-beschaeftigt-oder-selbststaendig-neue-vorschlaege-zur-statusfeststellung\\\/\",\"name\":\"Webinar: Besch\u00e4ftigt oder selbstst\u00e4ndig? \u2013 Neue Vorschl\u00e4ge zur Statusfeststellung - Arbeitgeber- und Wirtschaftsverb\u00e4nde Sachsen-Anhalt e. V.\",\"isPartOf\":{\"@id\":\"https:\\\/\\\/arbeitgeber-lsa.de\\\/#website\"},\"primaryImageOfPage\":{\"@id\":\"https:\\\/\\\/arbeitgeber-lsa.de\\\/schwerpunkte\\\/uncategorized\\\/webinar-beschaeftigt-oder-selbststaendig-neue-vorschlaege-zur-statusfeststellung\\\/#primaryimage\"},\"image\":{\"@id\":\"https:\\\/\\\/arbeitgeber-lsa.de\\\/schwerpunkte\\\/uncategorized\\\/webinar-beschaeftigt-oder-selbststaendig-neue-vorschlaege-zur-statusfeststellung\\\/#primaryimage\"},\"thumbnailUrl\":\"https:\\\/\\\/arbeitgeber-lsa.de\\\/wp-content\\\/uploads\\\/2026\\\/04\\\/geralt-lecturer-8339698-scaled.jpg\",\"datePublished\":\"2026-04-21T15:23:57+00:00\",\"dateModified\":\"2026-04-22T15:28:20+00:00\",\"breadcrumb\":{\"@id\":\"https:\\\/\\\/arbeitgeber-lsa.de\\\/schwerpunkte\\\/uncategorized\\\/webinar-beschaeftigt-oder-selbststaendig-neue-vorschlaege-zur-statusfeststellung\\\/#breadcrumb\"},\"inLanguage\":\"de\",\"potentialAction\":[{\"@type\":\"ReadAction\",\"target\":[\"https:\\\/\\\/arbeitgeber-lsa.de\\\/schwerpunkte\\\/uncategorized\\\/webinar-beschaeftigt-oder-selbststaendig-neue-vorschlaege-zur-statusfeststellung\\\/\"]}]},{\"@type\":\"ImageObject\",\"inLanguage\":\"de\",\"@id\":\"https:\\\/\\\/arbeitgeber-lsa.de\\\/schwerpunkte\\\/uncategorized\\\/webinar-beschaeftigt-oder-selbststaendig-neue-vorschlaege-zur-statusfeststellung\\\/#primaryimage\",\"url\":\"https:\\\/\\\/arbeitgeber-lsa.de\\\/wp-content\\\/uploads\\\/2026\\\/04\\\/geralt-lecturer-8339698-scaled.jpg\",\"contentUrl\":\"https:\\\/\\\/arbeitgeber-lsa.de\\\/wp-content\\\/uploads\\\/2026\\\/04\\\/geralt-lecturer-8339698-scaled.jpg\",\"width\":2560,\"height\":1446},{\"@type\":\"BreadcrumbList\",\"@id\":\"https:\\\/\\\/arbeitgeber-lsa.de\\\/schwerpunkte\\\/uncategorized\\\/webinar-beschaeftigt-oder-selbststaendig-neue-vorschlaege-zur-statusfeststellung\\\/#breadcrumb\",\"itemListElement\":[{\"@type\":\"ListItem\",\"position\":1,\"name\":\"Startseite\",\"item\":\"https:\\\/\\\/arbeitgeber-lsa.de\\\/\"},{\"@type\":\"ListItem\",\"position\":2,\"name\":\"Schwerpunkte\",\"item\":\"https:\\\/\\\/arbeitgeber-lsa.de\\\/category\\\/schwerpunkte\\\/\"},{\"@type\":\"ListItem\",\"position\":3,\"name\":\"Uncategorized\",\"item\":\"https:\\\/\\\/arbeitgeber-lsa.de\\\/category\\\/schwerpunkte\\\/uncategorized\\\/\"},{\"@type\":\"ListItem\",\"position\":4,\"name\":\"Webinar: Besch\u00e4ftigt oder selbstst\u00e4ndig? \u2013 Neue Vorschl\u00e4ge zur Statusfeststellung\"}]},{\"@type\":\"WebSite\",\"@id\":\"https:\\\/\\\/arbeitgeber-lsa.de\\\/#website\",\"url\":\"https:\\\/\\\/arbeitgeber-lsa.de\\\/\",\"name\":\"Arbeitgeber- und Wirtschaftsverb\u00e4nde Sachsen-Anhalt e. V.\",\"description\":\"\",\"publisher\":{\"@id\":\"https:\\\/\\\/arbeitgeber-lsa.de\\\/#organization\"},\"potentialAction\":[{\"@type\":\"SearchAction\",\"target\":{\"@type\":\"EntryPoint\",\"urlTemplate\":\"https:\\\/\\\/arbeitgeber-lsa.de\\\/?s={search_term_string}\"},\"query-input\":{\"@type\":\"PropertyValueSpecification\",\"valueRequired\":true,\"valueName\":\"search_term_string\"}}],\"inLanguage\":\"de\"},{\"@type\":\"Organization\",\"@id\":\"https:\\\/\\\/arbeitgeber-lsa.de\\\/#organization\",\"name\":\"Arbeitgeber- und Wirtschaftsverb\u00e4nde Sachsen-Anhalt e. V.\",\"url\":\"https:\\\/\\\/arbeitgeber-lsa.de\\\/\",\"logo\":{\"@type\":\"ImageObject\",\"inLanguage\":\"de\",\"@id\":\"https:\\\/\\\/arbeitgeber-lsa.de\\\/#\\\/schema\\\/logo\\\/image\\\/\",\"url\":\"https:\\\/\\\/arbeitgeber-lsa.de\\\/wp-content\\\/uploads\\\/2025\\\/08\\\/avw-logo.svg\",\"contentUrl\":\"https:\\\/\\\/arbeitgeber-lsa.de\\\/wp-content\\\/uploads\\\/2025\\\/08\\\/avw-logo.svg\",\"caption\":\"Arbeitgeber- und Wirtschaftsverb\u00e4nde Sachsen-Anhalt e. V.\"},\"image\":{\"@id\":\"https:\\\/\\\/arbeitgeber-lsa.de\\\/#\\\/schema\\\/logo\\\/image\\\/\"}},{\"@type\":\"Person\",\"@id\":\"https:\\\/\\\/arbeitgeber-lsa.de\\\/#\\\/schema\\\/person\\\/507e5cb35cb93c0186398eb697c1d16c\",\"name\":\"Jan Pasemann\",\"image\":{\"@type\":\"ImageObject\",\"inLanguage\":\"de\",\"@id\":\"https:\\\/\\\/secure.gravatar.com\\\/avatar\\\/bd3f6a0b237350fe40a3f36e16173963d7b989d89c861d5c44d9ddd019b48916?s=96&d=mm&r=g\",\"url\":\"https:\\\/\\\/secure.gravatar.com\\\/avatar\\\/bd3f6a0b237350fe40a3f36e16173963d7b989d89c861d5c44d9ddd019b48916?s=96&d=mm&r=g\",\"contentUrl\":\"https:\\\/\\\/secure.gravatar.com\\\/avatar\\\/bd3f6a0b237350fe40a3f36e16173963d7b989d89c861d5c44d9ddd019b48916?s=96&d=mm&r=g\",\"caption\":\"Jan Pasemann\"},\"url\":\"https:\\\/\\\/arbeitgeber-lsa.de\\\/de\\\/author\\\/jpasemann\\\/\"}]}<\/script>\n<!-- \/ Yoast SEO plugin. -->","yoast_head_json":{"title":"Webinar: Besch\u00e4ftigt oder selbstst\u00e4ndig? \u2013 Neue Vorschl\u00e4ge zur Statusfeststellung - Arbeitgeber- und Wirtschaftsverb\u00e4nde Sachsen-Anhalt e. V.","robots":{"index":"index","follow":"follow","max-snippet":"max-snippet:-1","max-image-preview":"max-image-preview:large","max-video-preview":"max-video-preview:-1"},"canonical":"https:\/\/arbeitgeber-lsa.de\/de\/schwerpunkte\/uncategorized\/webinar-beschaeftigt-oder-selbststaendig-neue-vorschlaege-zur-statusfeststellung\/","og_locale":"de_DE","og_type":"article","og_title":"Webinar: Besch\u00e4ftigt oder selbstst\u00e4ndig? \u2013 Neue Vorschl\u00e4ge zur Statusfeststellung - Arbeitgeber- und Wirtschaftsverb\u00e4nde Sachsen-Anhalt e. V.","og_description":"Die Frage der Abgrenzung von abh\u00e4ngiger Besch\u00e4ftigung und selbstst\u00e4ndiger T\u00e4tigkeit erweist sich in der Praxis oftmals als schwierig. Zudem drohen Betrieben hohe Nachzahlungen zur Sozialversicherung, wenn sich ein Vertragsverh\u00e4ltnis, das [&hellip;]","og_url":"https:\/\/arbeitgeber-lsa.de\/de\/schwerpunkte\/uncategorized\/webinar-beschaeftigt-oder-selbststaendig-neue-vorschlaege-zur-statusfeststellung\/","og_site_name":"Arbeitgeber- und Wirtschaftsverb\u00e4nde Sachsen-Anhalt e. V.","article_published_time":"2026-04-21T15:23:57+00:00","article_modified_time":"2026-04-22T15:28:20+00:00","og_image":[{"width":2560,"height":1446,"url":"https:\/\/arbeitgeber-lsa.de\/wp-content\/uploads\/2026\/04\/geralt-lecturer-8339698-scaled.jpg","type":"image\/jpeg"}],"author":"Jan Pasemann","twitter_card":"summary_large_image","twitter_misc":{"Verfasst von":"Jan Pasemann","Gesch\u00e4tzte Lesezeit":"1\u00a0Minute"},"schema":{"@context":"https:\/\/schema.org","@graph":[{"@type":"Article","@id":"https:\/\/arbeitgeber-lsa.de\/schwerpunkte\/uncategorized\/webinar-beschaeftigt-oder-selbststaendig-neue-vorschlaege-zur-statusfeststellung\/#article","isPartOf":{"@id":"https:\/\/arbeitgeber-lsa.de\/schwerpunkte\/uncategorized\/webinar-beschaeftigt-oder-selbststaendig-neue-vorschlaege-zur-statusfeststellung\/"},"author":{"name":"Jan Pasemann","@id":"https:\/\/arbeitgeber-lsa.de\/#\/schema\/person\/507e5cb35cb93c0186398eb697c1d16c"},"headline":"Webinar: Besch\u00e4ftigt oder selbstst\u00e4ndig? \u2013 Neue Vorschl\u00e4ge zur Statusfeststellung","datePublished":"2026-04-21T15:23:57+00:00","dateModified":"2026-04-22T15:28:20+00:00","mainEntityOfPage":{"@id":"https:\/\/arbeitgeber-lsa.de\/schwerpunkte\/uncategorized\/webinar-beschaeftigt-oder-selbststaendig-neue-vorschlaege-zur-statusfeststellung\/"},"wordCount":55,"commentCount":0,"publisher":{"@id":"https:\/\/arbeitgeber-lsa.de\/#organization"},"image":{"@id":"https:\/\/arbeitgeber-lsa.de\/schwerpunkte\/uncategorized\/webinar-beschaeftigt-oder-selbststaendig-neue-vorschlaege-zur-statusfeststellung\/#primaryimage"},"thumbnailUrl":"https:\/\/arbeitgeber-lsa.de\/wp-content\/uploads\/2026\/04\/geralt-lecturer-8339698-scaled.jpg","articleSection":["Themen","Uncategorized"],"inLanguage":"de","potentialAction":[{"@type":"CommentAction","name":"Comment","target":["https:\/\/arbeitgeber-lsa.de\/schwerpunkte\/uncategorized\/webinar-beschaeftigt-oder-selbststaendig-neue-vorschlaege-zur-statusfeststellung\/#respond"]}]},{"@type":"WebPage","@id":"https:\/\/arbeitgeber-lsa.de\/schwerpunkte\/uncategorized\/webinar-beschaeftigt-oder-selbststaendig-neue-vorschlaege-zur-statusfeststellung\/","url":"https:\/\/arbeitgeber-lsa.de\/schwerpunkte\/uncategorized\/webinar-beschaeftigt-oder-selbststaendig-neue-vorschlaege-zur-statusfeststellung\/","name":"Webinar: Besch\u00e4ftigt oder selbstst\u00e4ndig? \u2013 Neue Vorschl\u00e4ge zur Statusfeststellung - Arbeitgeber- und Wirtschaftsverb\u00e4nde Sachsen-Anhalt e. V.","isPartOf":{"@id":"https:\/\/arbeitgeber-lsa.de\/#website"},"primaryImageOfPage":{"@id":"https:\/\/arbeitgeber-lsa.de\/schwerpunkte\/uncategorized\/webinar-beschaeftigt-oder-selbststaendig-neue-vorschlaege-zur-statusfeststellung\/#primaryimage"},"image":{"@id":"https:\/\/arbeitgeber-lsa.de\/schwerpunkte\/uncategorized\/webinar-beschaeftigt-oder-selbststaendig-neue-vorschlaege-zur-statusfeststellung\/#primaryimage"},"thumbnailUrl":"https:\/\/arbeitgeber-lsa.de\/wp-content\/uploads\/2026\/04\/geralt-lecturer-8339698-scaled.jpg","datePublished":"2026-04-21T15:23:57+00:00","dateModified":"2026-04-22T15:28:20+00:00","breadcrumb":{"@id":"https:\/\/arbeitgeber-lsa.de\/schwerpunkte\/uncategorized\/webinar-beschaeftigt-oder-selbststaendig-neue-vorschlaege-zur-statusfeststellung\/#breadcrumb"},"inLanguage":"de","potentialAction":[{"@type":"ReadAction","target":["https:\/\/arbeitgeber-lsa.de\/schwerpunkte\/uncategorized\/webinar-beschaeftigt-oder-selbststaendig-neue-vorschlaege-zur-statusfeststellung\/"]}]},{"@type":"ImageObject","inLanguage":"de","@id":"https:\/\/arbeitgeber-lsa.de\/schwerpunkte\/uncategorized\/webinar-beschaeftigt-oder-selbststaendig-neue-vorschlaege-zur-statusfeststellung\/#primaryimage","url":"https:\/\/arbeitgeber-lsa.de\/wp-content\/uploads\/2026\/04\/geralt-lecturer-8339698-scaled.jpg","contentUrl":"https:\/\/arbeitgeber-lsa.de\/wp-content\/uploads\/2026\/04\/geralt-lecturer-8339698-scaled.jpg","width":2560,"height":1446},{"@type":"BreadcrumbList","@id":"https:\/\/arbeitgeber-lsa.de\/schwerpunkte\/uncategorized\/webinar-beschaeftigt-oder-selbststaendig-neue-vorschlaege-zur-statusfeststellung\/#breadcrumb","itemListElement":[{"@type":"ListItem","position":1,"name":"Startseite","item":"https:\/\/arbeitgeber-lsa.de\/"},{"@type":"ListItem","position":2,"name":"Schwerpunkte","item":"https:\/\/arbeitgeber-lsa.de\/category\/schwerpunkte\/"},{"@type":"ListItem","position":3,"name":"Uncategorized","item":"https:\/\/arbeitgeber-lsa.de\/category\/schwerpunkte\/uncategorized\/"},{"@type":"ListItem","position":4,"name":"Webinar: Besch\u00e4ftigt oder selbstst\u00e4ndig? \u2013 Neue Vorschl\u00e4ge zur Statusfeststellung"}]},{"@type":"WebSite","@id":"https:\/\/arbeitgeber-lsa.de\/#website","url":"https:\/\/arbeitgeber-lsa.de\/","name":"Arbeitgeber- und Wirtschaftsverb\u00e4nde Sachsen-Anhalt e. V.","description":"","publisher":{"@id":"https:\/\/arbeitgeber-lsa.de\/#organization"},"potentialAction":[{"@type":"SearchAction","target":{"@type":"EntryPoint","urlTemplate":"https:\/\/arbeitgeber-lsa.de\/?s={search_term_string}"},"query-input":{"@type":"PropertyValueSpecification","valueRequired":true,"valueName":"search_term_string"}}],"inLanguage":"de"},{"@type":"Organization","@id":"https:\/\/arbeitgeber-lsa.de\/#organization","name":"Arbeitgeber- und Wirtschaftsverb\u00e4nde Sachsen-Anhalt e. V.","url":"https:\/\/arbeitgeber-lsa.de\/","logo":{"@type":"ImageObject","inLanguage":"de","@id":"https:\/\/arbeitgeber-lsa.de\/#\/schema\/logo\/image\/","url":"https:\/\/arbeitgeber-lsa.de\/wp-content\/uploads\/2025\/08\/avw-logo.svg","contentUrl":"https:\/\/arbeitgeber-lsa.de\/wp-content\/uploads\/2025\/08\/avw-logo.svg","caption":"Arbeitgeber- und Wirtschaftsverb\u00e4nde Sachsen-Anhalt e. V."},"image":{"@id":"https:\/\/arbeitgeber-lsa.de\/#\/schema\/logo\/image\/"}},{"@type":"Person","@id":"https:\/\/arbeitgeber-lsa.de\/#\/schema\/person\/507e5cb35cb93c0186398eb697c1d16c","name":"Jan Pasemann","image":{"@type":"ImageObject","inLanguage":"de","@id":"https:\/\/secure.gravatar.com\/avatar\/bd3f6a0b237350fe40a3f36e16173963d7b989d89c861d5c44d9ddd019b48916?s=96&d=mm&r=g","url":"https:\/\/secure.gravatar.com\/avatar\/bd3f6a0b237350fe40a3f36e16173963d7b989d89c861d5c44d9ddd019b48916?s=96&d=mm&r=g","contentUrl":"https:\/\/secure.gravatar.com\/avatar\/bd3f6a0b237350fe40a3f36e16173963d7b989d89c861d5c44d9ddd019b48916?s=96&d=mm&r=g","caption":"Jan Pasemann"},"url":"https:\/\/arbeitgeber-lsa.de\/de\/author\/jpasemann\/"}]}},"spectra_custom_meta":{"_edit_lock":["1776873699:8"],"_tribe_ticket_capacity":["0"],"_tribe_ticket_version":["5.27.6"],"_wp_old_date":["2026-04-22"],"_thumbnail_id":["1708"],"_edit_last":["8"],"_yoast_wpseo_primary_category":["1"],"_yoast_wpseo_content_score":["90"],"_yoast_wpseo_estimated-reading-time-minutes":["1"],"_uag_css_file_name":["uag-css-1709.css"],"_uag_js_file_name":["uag-js-1709.js"],"_uag_page_assets":["a:9:{s:3:\"css\";s:6342:\".uag-blocks-common-selector{z-index:var(--z-index-desktop) !important}@media(max-width: 976px){.uag-blocks-common-selector{z-index:var(--z-index-tablet) !important}}@media(max-width: 767px){.uag-blocks-common-selector{z-index:var(--z-index-mobile) !important}}.uagb-buttons__outer-wrap .uagb-buttons__wrap{display:inline-flex;width:100%}.uagb-buttons__outer-wrap.uagb-btn__small-btn .uagb-buttons-repeater.wp-block-button__link:not(.is-style-outline),.uagb-buttons__outer-wrap.uagb-btn__small-btn .uagb-buttons-repeater.ast-outline-button{padding:5px 10px}.uagb-buttons__outer-wrap.uagb-btn__medium-btn .uagb-buttons-repeater.wp-block-button__link:not(.is-style-outline),.uagb-buttons__outer-wrap.uagb-btn__medium-btn .uagb-buttons-repeater.ast-outline-button{padding:12px 24px}.uagb-buttons__outer-wrap.uagb-btn__large-btn .uagb-buttons-repeater.wp-block-button__link:not(.is-style-outline),.uagb-buttons__outer-wrap.uagb-btn__large-btn .uagb-buttons-repeater.ast-outline-button{padding:20px 30px}.uagb-buttons__outer-wrap.uagb-btn__extralarge-btn .uagb-buttons-repeater.wp-block-button__link:not(.is-style-outline),.uagb-buttons__outer-wrap.uagb-btn__extralarge-btn .uagb-buttons-repeater.ast-outline-button{padding:30px 65px}@media(max-width: 976px){.uagb-buttons__outer-wrap.uagb-btn-tablet__small-btn .uagb-buttons-repeater.wp-block-button__link:not(.is-style-outline),.uagb-buttons__outer-wrap.uagb-btn-tablet__small-btn .uagb-buttons-repeater.ast-outline-button{padding:5px 10px}.uagb-buttons__outer-wrap.uagb-btn-tablet__medium-btn .uagb-buttons-repeater.wp-block-button__link:not(.is-style-outline),.uagb-buttons__outer-wrap.uagb-btn-tablet__medium-btn .uagb-buttons-repeater.ast-outline-button{padding:12px 24px}.uagb-buttons__outer-wrap.uagb-btn-tablet__large-btn .uagb-buttons-repeater.wp-block-button__link:not(.is-style-outline),.uagb-buttons__outer-wrap.uagb-btn-tablet__large-btn .uagb-buttons-repeater.ast-outline-button{padding:20px 30px}.uagb-buttons__outer-wrap.uagb-btn-tablet__extralarge-btn .uagb-buttons-repeater.wp-block-button__link:not(.is-style-outline),.uagb-buttons__outer-wrap.uagb-btn-tablet__extralarge-btn .uagb-buttons-repeater.ast-outline-button{padding:30px 65px}}@media(max-width: 767px){.uagb-buttons__outer-wrap.uagb-btn-mobile__small-btn .uagb-buttons-repeater.wp-block-button__link:not(.is-style-outline),.uagb-buttons__outer-wrap.uagb-btn-mobile__small-btn .uagb-buttons-repeater.ast-outline-button{padding:5px 10px}.uagb-buttons__outer-wrap.uagb-btn-mobile__medium-btn .uagb-buttons-repeater.wp-block-button__link:not(.is-style-outline),.uagb-buttons__outer-wrap.uagb-btn-mobile__medium-btn .uagb-buttons-repeater.ast-outline-button{padding:12px 24px}.uagb-buttons__outer-wrap.uagb-btn-mobile__large-btn .uagb-buttons-repeater.wp-block-button__link:not(.is-style-outline),.uagb-buttons__outer-wrap.uagb-btn-mobile__large-btn .uagb-buttons-repeater.ast-outline-button{padding:20px 30px}.uagb-buttons__outer-wrap.uagb-btn-mobile__extralarge-btn .uagb-buttons-repeater.wp-block-button__link:not(.is-style-outline),.uagb-buttons__outer-wrap.uagb-btn-mobile__extralarge-btn .uagb-buttons-repeater.ast-outline-button{padding:30px 65px}}.uagb-buttons__outer-wrap .uagb-buttons-repeater{display:flex;justify-content:center;align-items:center;transition:box-shadow .2s ease}.uagb-buttons__outer-wrap .uagb-buttons-repeater a.uagb-button__link{display:flex;justify-content:center}.uagb-buttons__outer-wrap .uagb-buttons-repeater .uagb-button__icon{font-size:inherit;display:flex;align-items:center}.uagb-buttons__outer-wrap .uagb-buttons-repeater .uagb-button__icon svg{fill:currentColor;width:inherit;height:inherit}.uagb-block-3d936719.wp-block-uagb-buttons.uagb-buttons__outer-wrap .uagb-buttons__wrap {gap: 10px;}.uagb-block-3d936719.uagb-buttons__outer-wrap .uagb-buttons__wrap {justify-content: center;align-items: center;}.wp-block-uagb-buttons .uagb-block-1b1ea99a .wp-block-button__link{background: linear-gradient(135deg,rgb(0,99,227) 0%,rgb(29,66,125) 100%);;background-clip: padding-box;}.wp-block-uagb-buttons .uagb-block-1b1ea99a .uagb-button__wrapper .uagb-buttons-repeater{padding-top: 10px;padding-bottom: 10px;padding-left: 20px;padding-right: 20px;color: #ffffff;}.wp-block-uagb-buttons .uagb-block-1b1ea99a .uagb-button__wrapper  .uagb-buttons-repeater.wp-block-button__link{box-shadow: 0px 0px 0 #00000026;}.wp-block-uagb-buttons .uagb-block-1b1ea99a .uagb-button__wrapper  .uagb-buttons-repeater.wp-block-button__link:hover{box-shadow: 0px 0px 0 #00000026;}.wp-block-uagb-buttons .uagb-block-1b1ea99a .uagb-buttons-repeater.wp-block-button__link:hover{border-color: #333;}.wp-block-uagb-buttons .uagb-block-1b1ea99a .uagb-buttons-repeater.wp-block-button__link:focus{border-color: #333;}.wp-block-uagb-buttons .uagb-block-1b1ea99a.wp-block-button.is-style-outline .uagb-button__wrapper .wp-block-button__link.uagb-buttons-repeater:hover{border-color: #333;}.wp-block-uagb-buttons .uagb-block-1b1ea99a .uagb-buttons-repeater .uagb-button__link{color: #ffffff;}.wp-block-uagb-buttons .uagb-block-1b1ea99a .uagb-buttons-repeater .uagb-button__icon > svg{width: 15px;height: 15px;fill: #ffffff;}.wp-block-uagb-buttons .uagb-block-1b1ea99a .uagb-buttons-repeater .uagb-button__icon-position-after{margin-left: 8px;}.wp-block-uagb-buttons .uagb-block-1b1ea99a .uagb-buttons-repeater .uagb-button__icon-position-before{margin-right: 8px;}.wp-block-uagb-buttons .uagb-block-1b1ea99a .uagb-button__link{text-transform: normal;text-decoration: none;}@media only screen and (max-width: 976px) {.uagb-block-3d936719.uagb-buttons__outer-wrap .uagb-buttons__wrap {justify-content: center;align-items: center;}.uagb-block-3d936719.uagb-buttons__outer-wrap .uagb-buttons__wrap .wp-block-button{width: auto;}.wp-block-uagb-buttons .uagb-block-1b1ea99a .wp-block-button__link{background: linear-gradient(135deg,rgb(0,99,227) 0%,rgb(29,66,125) 100%);;background-clip: padding-box;}}@media only screen and (max-width: 767px) {.uagb-block-3d936719.uagb-buttons__outer-wrap .uagb-buttons__wrap {justify-content: center;align-items: center;}.uagb-block-3d936719.uagb-buttons__outer-wrap .uagb-buttons__wrap .wp-block-button{width: auto;}.wp-block-uagb-buttons .uagb-block-1b1ea99a .wp-block-button__link{background: linear-gradient(135deg,rgb(0,99,227) 0%,rgb(29,66,125) 100%);;background-clip: padding-box;}}\";s:2:\"js\";s:161:\"document.addEventListener(\"DOMContentLoaded\", function(){ window.addEventListener( 'load', function() {\n\tUAGBButtonChild.init( '.uagb-block-1b1ea99a' );\n});\n });\";s:18:\"current_block_list\";a:10:{i:0;s:14:\"core\/paragraph\";i:1;s:12:\"core\/buttons\";i:2;s:11:\"core\/button\";i:3;s:11:\"core\/search\";i:4;s:10:\"core\/group\";i:5;s:12:\"core\/heading\";i:6;s:17:\"core\/latest-posts\";i:7;s:15:\"core\/categories\";i:8;s:12:\"uagb\/buttons\";i:9;s:18:\"uagb\/buttons-child\";}s:8:\"uag_flag\";b:1;s:11:\"uag_version\";s:10:\"1777676148\";s:6:\"gfonts\";a:0:{}s:10:\"gfonts_url\";s:0:\"\";s:12:\"gfonts_files\";a:0:{}s:14:\"uag_faq_layout\";b:0;}"]},"uagb_featured_image_src":{"full":["https:\/\/arbeitgeber-lsa.de\/wp-content\/uploads\/2026\/04\/geralt-lecturer-8339698-scaled.jpg",2560,1446,false],"thumbnail":["https:\/\/arbeitgeber-lsa.de\/wp-content\/uploads\/2026\/04\/geralt-lecturer-8339698-150x150.jpg",150,150,true],"medium":["https:\/\/arbeitgeber-lsa.de\/wp-content\/uploads\/2026\/04\/geralt-lecturer-8339698-300x169.jpg",300,169,true],"medium_large":["https:\/\/arbeitgeber-lsa.de\/wp-content\/uploads\/2026\/04\/geralt-lecturer-8339698-768x434.jpg",640,362,true],"large":["https:\/\/arbeitgeber-lsa.de\/wp-content\/uploads\/2026\/04\/geralt-lecturer-8339698-1024x578.jpg",640,361,true],"1536x1536":["https:\/\/arbeitgeber-lsa.de\/wp-content\/uploads\/2026\/04\/geralt-lecturer-8339698-1536x867.jpg",1536,867,true],"2048x2048":["https:\/\/arbeitgeber-lsa.de\/wp-content\/uploads\/2026\/04\/geralt-lecturer-8339698-2048x1157.jpg",2048,1157,true],"trp-custom-language-flag":["https:\/\/arbeitgeber-lsa.de\/wp-content\/uploads\/2026\/04\/geralt-lecturer-8339698-18x10.jpg",18,10,true]},"uagb_author_info":{"display_name":"Jan Pasemann","author_link":"https:\/\/arbeitgeber-lsa.de\/de\/author\/jpasemann\/"},"uagb_comment_info":2,"uagb_excerpt":"Die Frage der Abgrenzung von abh\u00e4ngiger Besch\u00e4ftigung und selbstst\u00e4ndiger T\u00e4tigkeit erweist sich in der Praxis oftmals als schwierig. Zudem drohen Betrieben hohe Nachzahlungen zur Sozialversicherung, wenn sich ein Vertragsverh\u00e4ltnis, das [&hellip;]","_links":{"self":[{"href":"https:\/\/arbeitgeber-lsa.de\/de\/wp-json\/wp\/v2\/posts\/1709","targetHints":{"allow":["GET"]}}],"collection":[{"href":"https:\/\/arbeitgeber-lsa.de\/de\/wp-json\/wp\/v2\/posts"}],"about":[{"href":"https:\/\/arbeitgeber-lsa.de\/de\/wp-json\/wp\/v2\/types\/post"}],"author":[{"embeddable":true,"href":"https:\/\/arbeitgeber-lsa.de\/de\/wp-json\/wp\/v2\/users\/8"}],"replies":[{"embeddable":true,"href":"https:\/\/arbeitgeber-lsa.de\/de\/wp-json\/wp\/v2\/comments?post=1709"}],"version-history":[{"count":1,"href":"https:\/\/arbeitgeber-lsa.de\/de\/wp-json\/wp\/v2\/posts\/1709\/revisions"}],"predecessor-version":[{"id":1710,"href":"https:\/\/arbeitgeber-lsa.de\/de\/wp-json\/wp\/v2\/posts\/1709\/revisions\/1710"}],"wp:featuredmedia":[{"embeddable":true,"href":"https:\/\/arbeitgeber-lsa.de\/de\/wp-json\/wp\/v2\/media\/1708"}],"wp:attachment":[{"href":"https:\/\/arbeitgeber-lsa.de\/de\/wp-json\/wp\/v2\/media?parent=1709"}],"wp:term":[{"taxonomy":"category","embeddable":true,"href":"https:\/\/arbeitgeber-lsa.de\/de\/wp-json\/wp\/v2\/categories?post=1709"},{"taxonomy":"post_tag","embeddable":true,"href":"https:\/\/arbeitgeber-lsa.de\/de\/wp-json\/wp\/v2\/tags?post=1709"}],"curies":[{"name":"wp","href":"https:\/\/api.w.org\/{rel}","templated":true}]}}